{"id":209,"date":"2018-01-12T19:18:23","date_gmt":"2018-01-12T21:18:23","guid":{"rendered":"http:\/\/mulheressa.org\/blog\/?p=209"},"modified":"2018-01-12T19:18:23","modified_gmt":"2018-01-12T21:18:23","slug":"2018-nos-aguarda-com-a-reforma-trabalhista-a-todo-vapor","status":"publish","type":"post","link":"https:\/\/mulheressa.org.br\/blog\/2018\/01\/12\/2018-nos-aguarda-com-a-reforma-trabalhista-a-todo-vapor\/","title":{"rendered":"2018 NOS AGUARDA,\u00a0 COM A REFORMA TRABALHISTA A TODO VAPOR!!"},"content":{"rendered":"<p>&nbsp;<\/p>\n<p>2018 NOS AGUARDA,\u00a0 COM A REFORMA TRABALHISTA A TODO VAPOR!!<\/p>\n<p><img loading=\"lazy\" class=\"size-medium wp-image-208 aligncenter\" src=\"http:\/\/mulheressa.org\/blog\/wp-content\/uploads\/2018\/01\/ctps-300x141.jpg\" alt=\"\" width=\"300\" height=\"141\" srcset=\"https:\/\/mulheressa.org.br\/blog\/wp-content\/uploads\/2018\/01\/ctps-300x141.jpg 300w, https:\/\/mulheressa.org.br\/blog\/wp-content\/uploads\/2018\/01\/ctps.jpg 610w\" sizes=\"(max-width: 300px) 100vw, 300px\" \/><\/p>\n<p style=\"text-align: left;\">\u00a0 \u00a0 \u00a0 \u00a0 \u00a0 \u00a0 \u00a0 \u00a0 \u00a0 \u00a0 \u00a0 \u00a0 \u00a0 \u00a0 \u00a0 \u00a0 \u00a0 \u00a0 \u00a0 \u00a0 \u00a0 \u00a0 \u00a0 \u00a0 \u00a0 \u00a0 \u00a0 \u00a0 \u00a0 \u00a0 \u00a0 \u00a0 \u00a0 \u00a0 \u00a0 \u00a0 \u00a0 \u00a0 \u00a0 <em>\u00a0 \u00a0 \u00a0 \u00a0 \u00a0 \u00a0 \u00a0 \u00a0 \u00a0 \u00a0 \u00a0 \u00a0 \u00a0 Carla Gon\u00e7alves de Souza<\/em><\/p>\n<p>Ent\u00e3o chegamos a mais um fim de ano! E que venha 2018 com a reforma trabalhista \u00e0 toda! Ali\u00e1s, a reforma j\u00e1 teve uma reforma, com a Medida Provis\u00f3ria 808\/17.<\/p>\n<p>Queria mesmo \u00e9 que houvesse uma reforma de comportamento, pois como sempre digo, n\u00e3o h\u00e1 decreto ou lei que fa\u00e7a com que as pessoas modifiquem a atitude.<\/p>\n<p>S\u00e9rio!! Empres\u00e1rio toma multa, toma processo,\u00a0 toma senten\u00e7a, toma bloqueio de bens, s\u00f3 n\u00e3o toma jeito?!! H\u00e1 dinheiro para tudo, o gestor, de forma geral faz or\u00e7amento para tudo, at\u00e9 para o risco trabalhista, menos para investimento em treinamento preventivo quanto \u00e0 normas trabalhistas!!! Sinceramente, n\u00e3o d\u00e1 para entender a estrat\u00e9gia de muitas empresas, ou a falta de estrat\u00e9gia, mesmo.<\/p>\n<p>Voltando \u00e0s mudan\u00e7as da mudan\u00e7a, vou destacar aqui que, de acordo com a MP808\/17,\u00a0 a indeniza\u00e7\u00e3o por danos morais agora possui uma tabela e o par\u00e2metro de\u00a0 fixa\u00e7\u00e3o de valor \u00e9 o valor do limite m\u00e1ximo dos benef\u00edcios do Regime Geral de Previd\u00eancia Social, atualmente em R$5.531,31.<\/p>\n<p>Abaixo, veja como ficou a \u201ctabela\u201d para indeniza\u00e7\u00e3o por danos morais ocasionados na rela\u00e7\u00e3o de trabalho, previsto no artigo 223-G, da CLT:<\/p>\n<p>I &#8211; para ofensa de natureza leve &#8211; at\u00e9 tr\u00eas vezes o valor do limite m\u00e1ximo dos benef\u00edcios do Regime Geral de Previd\u00eancia Social; II &#8211; para ofensa de natureza m\u00e9dia &#8211; at\u00e9 cinco vezes o valor do limite m\u00e1ximo dos benef\u00edcios do Regime Geral de Previd\u00eancia Social; III &#8211; para ofensa de natureza grave &#8211; at\u00e9 vinte vezes o valor do limite m\u00e1ximo dos benef\u00edcios do Regime Geral de Previd\u00eancia Social; ou IV &#8211; para ofensa de natureza grav\u00edssima &#8211; at\u00e9 cinquenta vezes o valor do limite m\u00e1ximo dos benef\u00edcios do Regime Geral de Previd\u00eancia Social.<\/p>\n<p>Assim, por exemplo, aquele empregador que tem um gerente grosso, daqueles que \u201cse acha\u201d, daqueles que gosta de xingar, espezinhar, falar palavras de baixo cal\u00e3o ao cobrar metas, perseguir, torturar psicologicamente, enfim, o ser mais repugnante poss\u00edvel, poder\u00e1 ser condenado a pagar uma indeniza\u00e7\u00e3o no m\u00ednimo at\u00e9 o equivalente a R$16.593,93!!<\/p>\n<p>&nbsp;<\/p>\n<p>Outra mudan\u00e7a da mudan\u00e7a,\u00a0 \u00e9 que a Medida Provis\u00f3ria 808\/17, que alterou a Lei 13467\/17 ( Lei da Reforma Trabalhista), deixou claro que para o trabalhador ser considerado aut\u00f4nomo, al\u00e9m de serem cumpridos todas as formalidades legais para esta modalidade de contrata\u00e7\u00e3o, n\u00e3o poder\u00e1 haver subordina\u00e7\u00e3o jur\u00eddica, conforme artigo 442, \u00a76\u00ba, da CLT.<\/p>\n<p>Ou seja, se o empregador contrata o aut\u00f4nomo,\u00a0 mas tem a mania quase sufocante de querer \u201cmandar\u201d na forma da presta\u00e7\u00e3o da presta\u00e7\u00e3o de servi\u00e7os, no como vai ser feito o trabalho, saiba que o v\u00ednculo empregat\u00edcio poder\u00e1 ser declarado. E olhem bem, a tal pejotiza\u00e7\u00e3o continua sendo considerada como fraude! Tem um monte de empres\u00e1rio transformando os empregados em MEI- Micro Empres\u00e1rio Individual, na ilus\u00e3o de que se livrar\u00e3o dos encargos trabalhistas. Ahh, tolinhos!!<\/p>\n<p>Imposs\u00edvel eu falar sobre todos os aspectos da Reforma Trabalhista em um \u00fanico texto, mas o que posso dizer \u00e9 que vale a pena se informar e fazer a coisa certa, pois at\u00e9 que as coisas se ajeitem, na Justi\u00e7a do Trabalho encontraremos decis\u00f5es para todos os gostos.<\/p>\n<p>Enfim, que venha 2018 com uma mudan\u00e7a de atitude dos empres\u00e1rios, que busquem mais conhecimento, mais treinamentos\u00a0 e estrat\u00e9gia trabalhista, para que a rela\u00e7\u00e3o de trabalho fique em harmonia e que o Direito do Trabalho preventivo seja levado a s\u00e9rio. E n\u00e3o me venha dizer que isso \u00e9 imposs\u00edvel, pois imposs\u00edvel \u00e9 somente aquilo que n\u00e3o nos esfor\u00e7amos.<\/p>\n<p>Feliz 2018 para todos!!<\/p>\n<p>&nbsp;<\/p>\n","protected":false},"excerpt":{"rendered":"<p>&nbsp; 2018 NOS AGUARDA,\u00a0 COM A REFORMA TRABALHISTA A TODO VAPOR!! \u00a0 \u00a0 \u00a0 \u00a0 \u00a0 \u00a0 \u00a0 \u00a0 \u00a0 \u00a0 \u00a0 \u00a0 \u00a0 \u00a0 \u00a0 \u00a0 \u00a0 \u00a0 \u00a0 \u00a0 \u00a0 \u00a0 \u00a0 \u00a0 \u00a0 \u00a0 \u00a0 \u00a0 \u00a0 \u00a0 \u00a0 \u00a0 \u00a0 \u00a0 \u00a0 \u00a0 \u00a0 \u00a0 \u00a0 \u00a0 \u00a0 \u00a0 \u00a0 \u00a0 &hellip; <\/p>\n<p class=\"link-more\"><a href=\"https:\/\/mulheressa.org.br\/blog\/2018\/01\/12\/2018-nos-aguarda-com-a-reforma-trabalhista-a-todo-vapor\/\" class=\"more-link\">Continue lendo<span class=\"screen-reader-text\"> &#8220;2018 NOS AGUARDA,\u00a0 COM A REFORMA TRABALHISTA A TODO VAPOR!!&#8221;<\/span><\/a><\/p>\n","protected":false},"author":1,"featured_media":0,"comment_status":"open","ping_status":"open","sticky":false,"template":"","format":"standard","meta":[],"categories":[19],"tags":[],"_links":{"self":[{"href":"https:\/\/mulheressa.org.br\/blog\/wp-json\/wp\/v2\/posts\/209"}],"collection":[{"href":"https:\/\/mulheressa.org.br\/blog\/wp-json\/wp\/v2\/posts"}],"about":[{"href":"https:\/\/mulheressa.org.br\/blog\/wp-json\/wp\/v2\/types\/post"}],"author":[{"embeddable":true,"href":"https:\/\/mulheressa.org.br\/blog\/wp-json\/wp\/v2\/users\/1"}],"replies":[{"embeddable":true,"href":"https:\/\/mulheressa.org.br\/blog\/wp-json\/wp\/v2\/comments?post=209"}],"version-history":[{"count":2,"href":"https:\/\/mulheressa.org.br\/blog\/wp-json\/wp\/v2\/posts\/209\/revisions"}],"predecessor-version":[{"id":211,"href":"https:\/\/mulheressa.org.br\/blog\/wp-json\/wp\/v2\/posts\/209\/revisions\/211"}],"wp:attachment":[{"href":"https:\/\/mulheressa.org.br\/blog\/wp-json\/wp\/v2\/media?parent=209"}],"wp:term":[{"taxonomy":"category","embeddable":true,"href":"https:\/\/mulheressa.org.br\/blog\/wp-json\/wp\/v2\/categories?post=209"},{"taxonomy":"post_tag","embeddable":true,"href":"https:\/\/mulheressa.org.br\/blog\/wp-json\/wp\/v2\/tags?post=209"}],"curies":[{"name":"wp","href":"https:\/\/api.w.org\/{rel}","templated":true}]}}